{"provider_url": "https://www.cutias.ap.leg.br", "title": "ABERTURA DOS TRABALHOS LEGISLATIVOS 2022.", "html": "<div class=\"kvgmc6g5 cxmmr5t8 oygrvhab hcukyx3x c1et5uql ii04i59q\">\r\n<div dir=\"auto\">Na Manh\u00e3 desta sexta-feira, aconteceu a 1\u00ba Sess\u00e3o Solene de\u00a0 abertura dos trabalhos legislativos na C\u00e2mara Municipal de Cutias.</div>\r\n</div>\r\n<div class=\"cxmmr5t8 oygrvhab hcukyx3x c1et5uql o9v6fnle ii04i59q\">\r\n<div dir=\"auto\">Al\u00e9m da participa\u00e7\u00e3o dos vereadores, participou tamb\u00e9m o Prefeito Raimundo Amanaj\u00e1s que na<span>\u00a0oportunidade</span> fez a explana\u00e7\u00e3o da mensagem do Executivo, incluindo os principais projetos para o ano de 2022 que t\u00eam como prerrogativa de atendimento v\u00e1rios setores da administra\u00e7\u00e3o p\u00fablica.</div>\r\n</div>\r\n<div class=\"cxmmr5t8 oygrvhab hcukyx3x c1et5uql o9v6fnle ii04i59q\">\r\n<div dir=\"auto\"></div>\r\n</div>", "author_name": "", "version": "1.0", "author_url": "https://www.cutias.ap.leg.br/author/adm", "provider_name": "C\u00e2mara Municipal de Cutias - AP", "type": "rich"}