{"provider_url": "https://www.cutias.ap.leg.br", "title": "Xuxa convoca pais para vacinar os \u201cbaixinhos\u201d", "html": "<p><span>Entre os dias 6 e 31 de agosto, a Campanha de Vacina\u00e7\u00e3o contra a Poliomielite e o Sarampo vai refor\u00e7ar a prote\u00e7\u00e3o de crian\u00e7as de um a menores de cinco anos contra essas doen\u00e7as j\u00e1 eliminadas no Brasil. Para mobilizar os pais e alcan\u00e7ar o objetivo de vacinar todo mundo dessa faixa-et\u00e1ria, a campanha resgata a inf\u00e2ncia dos respons\u00e1veis pelas crian\u00e7as com a participa\u00e7\u00e3o de ningu\u00e9m menos que Xuxa, a eterna rainha dos baixinhos</span></p>\r\n<p>A campanha faz um passeio no universo que vai da inf\u00e2ncia dos pais at\u00e9 a inf\u00e2ncia dos filhos e filhas. Junto com a Xuxa, a Galinha Pintadinha, dan\u00e7arinos do game Just Dance e o grande mascote das campanhas de vacina\u00e7\u00e3o do SUS, o Z\u00e9 Gotinha. A mensagem da campanha \u00e9 clara: \"Se tem inf\u00e2ncia, tem vacina\u00e7\u00e3o\". Portanto, leve para vacinar todas as crian\u00e7as entre 1 e menores de 5 anos.</p>\r\n<p>Mais que garota-propaganda, Xuxa \u00e9 uma madrinha engajada com a campanha e n\u00e3o cobrou cach\u00ea. \u201cQuando me chamaram para fazer a campanha deste ano, eu aceitei de muito agrado. Fiz naquela \u00e9poca e fa\u00e7o hoje, sem cobrar nada tamb\u00e9m, pois acho que \u00e9 minha obriga\u00e7\u00e3o sempre que puder fazer algo pelos baixinhos que me deram tanto\u201d, ressalta a apresentadora.</p>\r\n<p>N\u00e3o \u00e9 a primeira vez que Xuxa \u00e9 madrinha. Ainda nos anos 1980, ela estrelou a campanha de vacina\u00e7\u00e3o que bateu recordes e foi reconhecida at\u00e9 pela Organiza\u00e7\u00e3o Mundial da Sa\u00fade (OMS). \u201cFui convidada para fazer a campanha nos anos 90, quando a doen\u00e7a ainda n\u00e3o era erradicada. Com a campanha eu pude fazer parte desta grande conquista que foi vacinar 94% das crian\u00e7as com o conceito \u2018gotinha, gotinha e tchau, tchau paralisia infantil\u2019. Fico muito feliz por ter deixado minha sementinha\u201d, relata Xuxa. O \u00faltimo caso de poliomielite registrado no Brasil foi em 1989.</p>\r\n<p><strong>Vacina\u00e7\u00e3o em dia</strong></p>\r\n<p>Os baixos \u00edndices vacinais apresentados nos \u00faltimos anos deixam o Brasil em alerta diante da possibilidade do reaparecimento de doen\u00e7as que j\u00e1 foram eliminadas. Para Xuxa, \u00e9 dif\u00edcil entender por que ainda \u00e9 preciso fazer campanha para lembrar pais, m\u00e3es e respons\u00e1veis que precisamos cuidar dos nossos filhos vacinando-os. \u201cVacinar \u00e9 prevenir que a crian\u00e7a sofra mais tarde. E ningu\u00e9m que ama uma crian\u00e7a tem que se esquecer de proteg\u00ea-la, de vacin\u00e1-la. Simplesmente \u00e9 inadmiss\u00edvel termos que lembrar a um respons\u00e1vel que n\u00e3o seja irrespons\u00e1vel, que vacinar \u00e9 cuidar\u201d, destaca.</p>\r\n<p>E esse discurso \u00e9 colocado em pr\u00e1tica. A filha de Xuxa, Sasha, 20 anos, tem sua carteirinha em dia. \u201cNunca deixou de tomar nenhuma vacina quando beb\u00ea, crian\u00e7a e adolescente. Amo demais minha filha para n\u00e3o a vacinar\u201d, garante Xuxa.</p>", "author_name": "", "version": "1.0", "author_url": "https://www.cutias.ap.leg.br/author/adm", "provider_name": "C\u00e2mara Municipal de Cutias - AP", "type": "rich"}